{"id":698,"date":"2026-07-24T14:53:27","date_gmt":"2026-07-24T12:53:27","guid":{"rendered":"https:\/\/simonemessori.it\/?p=698"},"modified":"2026-07-24T14:59:06","modified_gmt":"2026-07-24T12:59:06","slug":"previdenza-complementare-estera-quando-non-va-indicata-nel-quadro-rw","status":"publish","type":"post","link":"https:\/\/simonemessori.it\/en\/2026\/07\/24\/previdenza-complementare-estera-quando-non-va-indicata-nel-quadro-rw\/","title":{"rendered":"Previdenza complementare estera: quando (non) va indicata nel quadro RW"},"content":{"rendered":"<p class=\"wp-block-paragraph\">Le persone fisiche residenti in Italia sono tenute a indicare nel quadro RW del modello REDDITI (o nel quadro W del 730) il possesso di attivit\u00e0 finanziarie estere, salvo che ricorrano gli esoneri previsti dalla normativa sul monitoraggio fiscale (art. 4 del D.L. 167\/90). Tra le attivit\u00e0 oggetto di questo obbligo rientrano anche le forme di previdenza complementare organizzate o gestite da societ\u00e0 ed enti di diritto estero, oltre alle polizze vita e di capitalizzazione stipulate con compagnie assicurative estere.<\/p>\n\n\n\n<h5 class=\"wp-block-heading\">Come si valorizzano queste posizioni<\/h5>\n\n\n\n<p class=\"wp-block-paragraph\">Per la compilazione del quadro RW, il valore da indicare \u00e8 quello di mercato, rilevato al termine dell&#8217;anno solare sulla base della documentazione fornita dall&#8217;intermediario o dall&#8217;ente estero. Se il contratto non rappresenta un&#8217;attivit\u00e0 finanziaria quotata, si utilizza il valore nominale o, in mancanza, il valore di rimborso. Per le forme di previdenza complementare vere e proprie, va indicata la posizione individuale maturata nel periodo d&#8217;imposta, come risultante dalla documentazione rilasciata dal fondo estero.<\/p>\n\n\n\n<h5 class=\"wp-block-heading\">Il caso della previdenza obbligatoria: nessun obbligo di monitoraggio<\/h5>\n\n\n\n<p class=\"wp-block-paragraph\">Un chiarimento importante riguarda le forme di previdenza complementare obbligatoria: le somme versate per obbligo di legge a enti di previdenza complementare esteri \u2014 l&#8217;esempio tipico \u00e8 il cosiddetto &#8220;secondo pilastro svizzero&#8221; \u2014 non sono oggetto di monitoraggio fiscale, proprio perch\u00e9 si tratta di una forma di previdenza obbligatoria, sebbene tecnicamente complementare rispetto a quella statale. Lo stesso trattamento di esonero si applica alle forme di previdenza complementare estera rese obbligatorie da contratti collettivi nazionali (e non da semplici accordi individuali).<\/p>\n\n\n\n<h5 class=\"wp-block-heading\">Il nodo del &#8220;terzo pilastro&#8221;: obbligo di indicazione in RW, ma esenzione da IVAFE<\/h5>\n\n\n\n<p class=\"wp-block-paragraph\">Pi\u00f9 articolato \u00e8 il caso delle forme previdenziali facoltative, come il cosiddetto &#8220;terzo pilastro svizzero&#8221;. A differenza della previdenza professionale obbligatoria (LPP), il terzo pilastro \u00e8 una scelta volontaria del lavoratore: mancando il requisito dell&#8217;obbligatoriet\u00e0, queste posizioni non beneficiano dell&#8217;esonero dal monitoraggio e devono quindi essere indicate nel quadro RW, come confermato anche da un precedente intervento dell&#8217;Agenzia delle Entrate su un caso di erogazione in un&#8217;unica soluzione da parte di un ente elvetico di previdenza di terzo pilastro.<\/p>\n\n\n\n<p class=\"wp-block-paragraph\">Nonostante l&#8217;obbligo di monitoraggio, per\u00f2, sia la previdenza complementare obbligatoria sia quella facoltativa (terzo pilastro incluso) restano escluse dall&#8217;IVAFE, l&#8217;imposta patrimoniale sulle attivit\u00e0 finanziarie detenute all&#8217;estero. La ragione tecnica risiede nel fatto che, ai fini della definizione di &#8220;prodotti finanziari&#8221; rilevante per l&#8217;IVAFE, occorre fare riferimento all&#8217;ambito di applicazione dell&#8217;imposta di bollo prevista dal D.P.R. 642\/72, che esclude espressamente le comunicazioni relative a prodotti finanziari emesse da fondi di previdenza complementare \u2014 sia obbligatoria sia facoltativa.<\/p>\n\n\n\n<h5 class=\"wp-block-heading\">In sintesi<\/h5>\n\n\n\n<p class=\"wp-block-paragraph\">Per chi detiene posizioni di previdenza complementare estera, la regola pratica \u00e8 quindi duplice: se la previdenza \u00e8 obbligatoria (per legge o per contratto collettivo), non c&#8217;\u00e8 obbligo n\u00e9 di indicazione in RW n\u00e9 di IVAFE; se \u00e8 facoltativa (come il terzo pilastro svizzero), l&#8217;indicazione in RW resta dovuta, ma l&#8217;IVAFE continua a non applicarsi.<\/p>\n\n\n\n<p class=\"wp-block-paragraph\">\u00a9 2026 Simone Messori \u2013 Dottore Commercialista e Revisore Legale. Tutti i diritti riservati. \u00c8 vietata la riproduzione, anche parziale, senza autorizzazione scritta dell&#8217;autore.<\/p>","protected":false},"excerpt":{"rendered":"<p>Le persone fisiche residenti in Italia sono tenute a indicare nel quadro RW del modello REDDITI (o nel quadro W [&hellip;]<\/p>\n","protected":false},"author":1,"featured_media":0,"comment_status":"open","ping_status":"open","sticky":false,"template":"","format":"standard","meta":{"_uag_custom_page_level_css":"","site-sidebar-layout":"default","site-content-layout":"","ast-site-content-layout":"default","site-content-style":"default","site-sidebar-style":"default","ast-global-header-display":"","ast-banner-title-visibility":"","ast-main-header-display":"","ast-hfb-above-header-display":"","ast-hfb-below-header-display":"","ast-hfb-mobile-header-display":"","site-post-title":"","ast-breadcrumbs-content":"","ast-featured-img":"","footer-sml-layout":"","ast-disable-related-posts":"","theme-transparent-header-meta":"","adv-header-id-meta":"","stick-header-meta":"","header-above-stick-meta":"","header-main-stick-meta":"","header-below-stick-meta":"","astra-migrate-meta-layouts":"default","ast-page-background-enabled":"default","ast-page-background-meta":{"desktop":{"background-color":"var(--ast-global-color-5)","background-image":"","background-repeat":"repeat","background-position":"center center","background-size":"auto","background-attachment":"scroll","background-type":"","background-media":"","overlay-type":"","overlay-color":"","overlay-opacity":"","overlay-gradient":""},"tablet":{"background-color":"","background-image":"","background-repeat":"repeat","background-position":"center center","background-size":"auto","background-attachment":"scroll","background-type":"","background-media":"","overlay-type":"","overlay-color":"","overlay-opacity":"","overlay-gradient":""},"mobile":{"background-color":"","background-image":"","background-repeat":"repeat","background-position":"center center","background-size":"auto","background-attachment":"scroll","background-type":"","background-media":"","overlay-type":"","overlay-color":"","overlay-opacity":"","overlay-gradient":""}},"ast-content-background-meta":{"desktop":{"background-color":"var(--ast-global-color-4)","background-image":"","background-repeat":"repeat","background-position":"center center","background-size":"auto","background-attachment":"scroll","background-type":"","background-media":"","overlay-type":"","overlay-color":"","overlay-opacity":"","overlay-gradient":""},"tablet":{"background-color":"var(--ast-global-color-4)","background-image":"","background-repeat":"repeat","background-position":"center center","background-size":"auto","background-attachment":"scroll","background-type":"","background-media":"","overlay-type":"","overlay-color":"","overlay-opacity":"","overlay-gradient":""},"mobile":{"background-color":"var(--ast-global-color-4)","background-image":"","background-repeat":"repeat","background-position":"center center","background-size":"auto","background-attachment":"scroll","background-type":"","background-media":"","overlay-type":"","overlay-color":"","overlay-opacity":"","overlay-gradient":""}},"footnotes":""},"categories":[6,10],"tags":[],"class_list":["post-698","post","type-post","status-publish","format-standard","hentry","category-dichiarazione-dei-redditi","category-internazionale"],"uagb_featured_image_src":{"full":false,"thumbnail":false,"medium":false,"medium_large":false,"large":false,"1536x1536":false,"2048x2048":false,"trp-custom-language-flag":false},"uagb_author_info":{"display_name":"Simone Messori","author_link":"https:\/\/simonemessori.it\/en\/author\/user23094004474510\/"},"uagb_comment_info":0,"uagb_excerpt":"Le persone fisiche residenti in Italia sono tenute a indicare nel quadro RW del modello REDDITI (o nel quadro W [&hellip;]","_links":{"self":[{"href":"https:\/\/simonemessori.it\/en\/wp-json\/wp\/v2\/posts\/698","targetHints":{"allow":["GET"]}}],"collection":[{"href":"https:\/\/simonemessori.it\/en\/wp-json\/wp\/v2\/posts"}],"about":[{"href":"https:\/\/simonemessori.it\/en\/wp-json\/wp\/v2\/types\/post"}],"author":[{"embeddable":true,"href":"https:\/\/simonemessori.it\/en\/wp-json\/wp\/v2\/users\/1"}],"replies":[{"embeddable":true,"href":"https:\/\/simonemessori.it\/en\/wp-json\/wp\/v2\/comments?post=698"}],"version-history":[{"count":3,"href":"https:\/\/simonemessori.it\/en\/wp-json\/wp\/v2\/posts\/698\/revisions"}],"predecessor-version":[{"id":711,"href":"https:\/\/simonemessori.it\/en\/wp-json\/wp\/v2\/posts\/698\/revisions\/711"}],"wp:attachment":[{"href":"https:\/\/simonemessori.it\/en\/wp-json\/wp\/v2\/media?parent=698"}],"wp:term":[{"taxonomy":"category","embeddable":true,"href":"https:\/\/simonemessori.it\/en\/wp-json\/wp\/v2\/categories?post=698"},{"taxonomy":"post_tag","embeddable":true,"href":"https:\/\/simonemessori.it\/en\/wp-json\/wp\/v2\/tags?post=698"}],"curies":[{"name":"wp","href":"https:\/\/api.w.org\/{rel}","templated":true}]}}