{"id":776,"date":"2026-08-07T09:31:52","date_gmt":"2026-08-07T07:31:52","guid":{"rendered":"https:\/\/simonemessori.it\/?p=776"},"modified":"2026-08-07T09:31:55","modified_gmt":"2026-08-07T07:31:55","slug":"irap-e-terzo-settore-i-criteri-di-qualificazione-restano-quelli-di-sempre","status":"publish","type":"post","link":"https:\/\/simonemessori.it\/en\/2026\/08\/07\/irap-e-terzo-settore-i-criteri-di-qualificazione-restano-quelli-di-sempre\/","title":{"rendered":"IRAP e Terzo settore: i criteri di qualificazione restano quelli di sempre"},"content":{"rendered":"<p class=\"wp-block-paragraph\">Un intervento correttivo alla riforma fiscale ha chiarito, in via definitiva, che gli enti del Terzo settore diversi dalle imprese sociali continueranno a distinguere le attivit\u00e0 commerciali da quelle non commerciali, ai fini IRAP, secondo gli stessi criteri utilizzati fino al 2025, senza alcuna soluzione di continuit\u00e0 rispetto al passato.<\/p>\n\n\n\n<h5 class=\"wp-block-heading\">Il problema di partenza<\/h5>\n\n\n\n<p class=\"wp-block-paragraph\">Anche dopo l&#8217;entrata in vigore delle disposizioni fiscali del Codice del Terzo settore, l&#8217;ambito IRAP continua a non avere una disciplina specifica dedicata agli enti del Terzo settore. Questi soggetti, quindi, applicano le regole generali previste per gli enti privati non commerciali, contenute nella disciplina IRAP ordinaria, indipendentemente dalla natura dell&#8217;attivit\u00e0 effettivamente svolta: gli enti del Terzo settore restano infatti soggetti passivi IRAP a prescindere da come viene qualificata la loro attivit\u00e0.<\/p>\n\n\n\n<h5 class=\"wp-block-heading\">Il rischio che la modifica normativa ha scongiurato<\/h5>\n\n\n\n<p class=\"wp-block-paragraph\">Senza l&#8217;intervento correttivo, l&#8217;applicazione delle disposizioni fiscali del Codice del Terzo settore avrebbe comportato l&#8217;utilizzo, anche ai fini IRAP, dei nuovi criteri di qualificazione della commercialit\u00e0 introdotti dal Codice stesso. Questo avrebbe potuto determinare, in alcuni casi, il passaggio di un ente da una qualificazione commerciale a una non commerciale ai fini IRAP &#8211; con un effetto paradossalmente penalizzante, perch\u00e9 il costo del lavoro riferito all&#8217;attivit\u00e0 istituzionale (una componente particolarmente rilevante per gli enti socio-assistenziali e sanitari) sarebbe rimasto in larga parte indeducibile, non essendo tutte le deduzioni ordinariamente previste applicabili agli enti non commerciali.<\/p>\n\n\n\n<h5 class=\"wp-block-heading\">La soluzione adottata<\/h5>\n\n\n\n<p class=\"wp-block-paragraph\">Per evitare questo effetto distorsivo, \u00e8 stata introdotta una disposizione specifica che stabilisce la continuit\u00e0 dei criteri di qualificazione fiscale ai fini IRAP: la natura commerciale o meno dell&#8217;attivit\u00e0 continuer\u00e0 a essere determinata sulla base delle regole del Testo Unico delle Imposte sui Redditi, e non dei nuovi criteri del Codice del Terzo settore. Questa decorrenza \u00e8 stata volutamente allineata a quella generale prevista per l&#8217;entrata in vigore del Titolo X del Codice.<\/p>\n\n\n\n<h5 class=\"wp-block-heading\">Come si calcola la base imponibile IRAP<\/h5>\n\n\n\n<p class=\"wp-block-paragraph\">Il calcolo della base imponibile IRAP per gli enti del Terzo settore segue regole differenziate a seconda della struttura dell&#8217;attivit\u00e0 svolta. Quando l&#8217;ente esercita unicamente l&#8217;attivit\u00e0 istituzionale, si applica il metodo cosiddetto &#8220;retributivo&#8221;. Quando invece, accanto all&#8217;attivit\u00e0 istituzionale, l&#8217;ente svolge anche un&#8217;attivit\u00e0 commerciale non prevalente, trova applicazione il metodo &#8220;misto&#8221;, ulteriormente differenziato a seconda che il reddito d&#8217;impresa sia determinato con le regole ordinarie oppure in modo forfetario.<\/p>\n\n\n\n<h5 class=\"wp-block-heading\">Un&#8217;asimmetria voluta dal legislatore<\/h5>\n\n\n\n<p class=\"wp-block-paragraph\">Questa scelta normativa genera, come riconosciuto dalla stessa relazione illustrativa al provvedimento, un&#8217;asimmetria tra il regime IRES e il regime IRAP applicabile agli enti del Terzo settore. Si tratta per\u00f2 di un effetto consapevole: l&#8217;obiettivo del legislatore \u00e8 stato quello di salvaguardare la continuit\u00e0 della base imponibile del tributo regionale, evitando ripercussioni indesiderate legate all&#8217;entrata a regime della riforma del Terzo settore sul fronte delle imposte dirette.<\/p>\n\n\n\n<p class=\"wp-block-paragraph\">\u00a9 2026 Simone Messori \u2013 Dottore Commercialista e Revisore Legale. Tutti i diritti riservati. \u00c8 vietata la riproduzione, anche parziale, senza autorizzazione scritta dell&#8217;autore.<\/p>\n\n\n\n<ol class=\"wp-block-list\"><\/ol>","protected":false},"excerpt":{"rendered":"<p>Un intervento correttivo alla riforma fiscale ha chiarito, in via definitiva, che gli enti del Terzo settore diversi dalle imprese [&hellip;]<\/p>\n","protected":false},"author":1,"featured_media":0,"comment_status":"open","ping_status":"open","sticky":false,"template":"","format":"standard","meta":{"_uag_custom_page_level_css":"","site-sidebar-layout":"default","site-content-layout":"","ast-site-content-layout":"default","site-content-style":"default","site-sidebar-style":"default","ast-global-header-display":"","ast-banner-title-visibility":"","ast-main-header-display":"","ast-hfb-above-header-display":"","ast-hfb-below-header-display":"","ast-hfb-mobile-header-display":"","site-post-title":"","ast-breadcrumbs-content":"","ast-featured-img":"","footer-sml-layout":"","ast-disable-related-posts":"","theme-transparent-header-meta":"","adv-header-id-meta":"","stick-header-meta":"","header-above-stick-meta":"","header-main-stick-meta":"","header-below-stick-meta":"","astra-migrate-meta-layouts":"default","ast-page-background-enabled":"default","ast-page-background-meta":{"desktop":{"background-color":"var(--ast-global-color-5)","background-image":"","background-repeat":"repeat","background-position":"center center","background-size":"auto","background-attachment":"scroll","background-type":"","background-media":"","overlay-type":"","overlay-color":"","overlay-opacity":"","overlay-gradient":""},"tablet":{"background-color":"","background-image":"","background-repeat":"repeat","background-position":"center center","background-size":"auto","background-attachment":"scroll","background-type":"","background-media":"","overlay-type":"","overlay-color":"","overlay-opacity":"","overlay-gradient":""},"mobile":{"background-color":"","background-image":"","background-repeat":"repeat","background-position":"center center","background-size":"auto","background-attachment":"scroll","background-type":"","background-media":"","overlay-type":"","overlay-color":"","overlay-opacity":"","overlay-gradient":""}},"ast-content-background-meta":{"desktop":{"background-color":"var(--ast-global-color-4)","background-image":"","background-repeat":"repeat","background-position":"center center","background-size":"auto","background-attachment":"scroll","background-type":"","background-media":"","overlay-type":"","overlay-color":"","overlay-opacity":"","overlay-gradient":""},"tablet":{"background-color":"var(--ast-global-color-4)","background-image":"","background-repeat":"repeat","background-position":"center center","background-size":"auto","background-attachment":"scroll","background-type":"","background-media":"","overlay-type":"","overlay-color":"","overlay-opacity":"","overlay-gradient":""},"mobile":{"background-color":"var(--ast-global-color-4)","background-image":"","background-repeat":"repeat","background-position":"center center","background-size":"auto","background-attachment":"scroll","background-type":"","background-media":"","overlay-type":"","overlay-color":"","overlay-opacity":"","overlay-gradient":""}},"footnotes":""},"categories":[13,12],"tags":[],"class_list":["post-776","post","type-post","status-publish","format-standard","hentry","category-enti-del-terzo-settore","category-fiscale"],"uagb_featured_image_src":{"full":false,"thumbnail":false,"medium":false,"medium_large":false,"large":false,"1536x1536":false,"2048x2048":false,"trp-custom-language-flag":false},"uagb_author_info":{"display_name":"Simone Messori","author_link":"https:\/\/simonemessori.it\/en\/author\/user23094004474510\/"},"uagb_comment_info":0,"uagb_excerpt":"Un intervento correttivo alla riforma fiscale ha chiarito, in via definitiva, che gli enti del Terzo settore diversi dalle imprese [&hellip;]","_links":{"self":[{"href":"https:\/\/simonemessori.it\/en\/wp-json\/wp\/v2\/posts\/776","targetHints":{"allow":["GET"]}}],"collection":[{"href":"https:\/\/simonemessori.it\/en\/wp-json\/wp\/v2\/posts"}],"about":[{"href":"https:\/\/simonemessori.it\/en\/wp-json\/wp\/v2\/types\/post"}],"author":[{"embeddable":true,"href":"https:\/\/simonemessori.it\/en\/wp-json\/wp\/v2\/users\/1"}],"replies":[{"embeddable":true,"href":"https:\/\/simonemessori.it\/en\/wp-json\/wp\/v2\/comments?post=776"}],"version-history":[{"count":4,"href":"https:\/\/simonemessori.it\/en\/wp-json\/wp\/v2\/posts\/776\/revisions"}],"predecessor-version":[{"id":783,"href":"https:\/\/simonemessori.it\/en\/wp-json\/wp\/v2\/posts\/776\/revisions\/783"}],"wp:attachment":[{"href":"https:\/\/simonemessori.it\/en\/wp-json\/wp\/v2\/media?parent=776"}],"wp:term":[{"taxonomy":"category","embeddable":true,"href":"https:\/\/simonemessori.it\/en\/wp-json\/wp\/v2\/categories?post=776"},{"taxonomy":"post_tag","embeddable":true,"href":"https:\/\/simonemessori.it\/en\/wp-json\/wp\/v2\/tags?post=776"}],"curies":[{"name":"wp","href":"https:\/\/api.w.org\/{rel}","templated":true}]}}