{"id":794,"date":"2026-08-07T09:37:51","date_gmt":"2026-08-07T07:37:51","guid":{"rendered":"https:\/\/simonemessori.it\/?p=794"},"modified":"2026-08-07T09:37:52","modified_gmt":"2026-08-07T07:37:52","slug":"adempimento-collaborativo-piu-tempo-per-certificare-il-sistema-di-controllo-del-rischio-fiscale","status":"publish","type":"post","link":"https:\/\/simonemessori.it\/en\/2026\/08\/07\/adempimento-collaborativo-piu-tempo-per-certificare-il-sistema-di-controllo-del-rischio-fiscale\/","title":{"rendered":"Adempimento collaborativo: pi\u00f9 tempo per certificare il sistema di controllo del rischio fiscale"},"content":{"rendered":"<p class=\"wp-block-paragraph\">Il recente decreto correttivo alla riforma fiscale, approvato in via definitiva agli inizi di agosto, introduce tra le sue numerose novit\u00e0 anche una proroga significativa per le imprese che stanno completando il percorso di ammissione al regime di adempimento collaborativo: il termine per la certificazione del sistema integrato di gestione e controllo del rischio fiscale slitta al 31 dicembre 2026.<\/p>\n\n\n\n<h5 class=\"wp-block-heading\">A chi si applica la proroga<\/h5>\n\n\n\n<p class=\"wp-block-paragraph\">Il differimento riguarda specificamente le imprese che hanno presentato domanda di ammissione al regime nel corso del 2024 (dopo la met\u00e0 di gennaio) e nel 2025. Per questi soggetti, la nuova scadenza per la certificazione va cos\u00ec a coincidere con quella gi\u00e0 prevista per le imprese &#8220;storiche&#8221;, ossia quelle gi\u00e0 aderenti al regime o che avevano presentato istanza di accesso prima di tale data. Queste ultime non devono presentare la certificazione di disegno del sistema di controllo, poich\u00e9 il loro impianto \u00e8 gi\u00e0 stato validato direttamente dall&#8217;Agenzia delle Entrate, ma restano comunque tenute a un&#8217;attestazione sull&#8217;efficacia operativa del sistema, rilasciata da un professionista indipendente che verifichi la continuit\u00e0 e la correttezza dei controlli effettivamente svolti.<\/p>\n\n\n\n<h5 class=\"wp-block-heading\">Perch\u00e9 la proroga era necessaria<\/h5>\n\n\n\n<p class=\"wp-block-paragraph\">Si tratta di un adempimento particolarmente complesso, sia per le imprese coinvolte sia per i professionisti chiamati a certificarlo, dato il livello di dialogo e di verifica documentale richiesto tra le parti. La proroga consente quindi di affrontare questo passaggio con maggiore respiro organizzativo.<\/p>\n\n\n\n<h5 class=\"wp-block-heading\">Il chiarimento sull&#8217;aggiornamento triennale<\/h5>\n\n\n\n<p class=\"wp-block-paragraph\">Un documento di prassi pubblicato in contemporanea dall&#8217;Agenzia delle Entrate ha chiarito anche la tempistica per l&#8217;aggiornamento triennale della certificazione. Per le certificazioni rilasciate entro il termine prorogato del 31 dicembre 2026, l&#8217;aggiornamento successivo dovr\u00e0 essere acquisito entro il 31 dicembre 2029. Questa certificazione di aggiornamento dovr\u00e0 contenere la valutazione di efficacia operativa per tutti i periodi d&#8217;imposta compresi tra la data di presentazione dell&#8217;istanza originaria (2024 o 2025) e il 2028.<\/p>\n\n\n\n<p class=\"wp-block-paragraph\">Per i soggetti gi\u00e0 ammessi al regime, o che avevano gi\u00e0 presentato istanza prima della met\u00e0 di gennaio 2024, l&#8217;attestazione di efficacia operativa da acquisire entro fine 2026 dovr\u00e0 riguardare l&#8217;attivit\u00e0 di controllo svolta nel biennio 2024-2025; la successiva attestazione, relativa alle annualit\u00e0 2026-2027-2028, andr\u00e0 invece acquisita entro il 31 dicembre 2029.<\/p>\n\n\n\n<h5 class=\"wp-block-heading\">Le carenze non significative e il ruolo del certificatore<\/h5>\n\n\n\n<p class=\"wp-block-paragraph\">Il documento di prassi conferma inoltre un aspetto operativo delicato per i professionisti incaricati della certificazione: quello relativo alla descrizione delle eventuali carenze non significative riscontrate nel sistema di controllo, insieme all&#8217;indicazione delle azioni correttive da intraprendere.<\/p>\n\n\n\n<p class=\"wp-block-paragraph\">Su questo punto si era discusso a lungo, perch\u00e9 indicare in prima persona le azioni correttive da adottare potrebbe rappresentare una minaccia all&#8217;indipendenza del certificatore. L&#8217;orientamento confermato dall&#8217;Agenzia chiarisce che il professionista deve limitarsi a riportare le carenze non significative effettivamente riscontrate e a indicare le azioni che l&#8217;impresa stessa ha individuato per porvi rimedio, senza suggerire direttamente quali misure adottare. Queste informazioni potranno essere richiamate nella relazione del certificatore ed eventualmente riportate in allegato, a fini puramente informativi per l&#8217;Agenzia.<\/p>\n\n\n\n<h5 class=\"wp-block-heading\">In sintesi<\/h5>\n\n\n\n<p class=\"wp-block-paragraph\">Per le imprese che hanno intrapreso il percorso di adesione al regime di adempimento collaborativo negli ultimi due anni, la proroga rappresenta un&#8217;opportunit\u00e0 concreta per completare con maggiore cura un adempimento tecnicamente impegnativo, senza compromettere la qualit\u00e0 del lavoro di verifica richiesto al certificatore indipendente.<\/p>\n\n\n\n<p class=\"wp-block-paragraph\">\u00a9 2026 Simone Messori \u2013 Dottore Commercialista e Revisore Legale. Tutti i diritti riservati. \u00c8 vietata la riproduzione, anche parziale, senza autorizzazione scritta dell&#8217;autore.<\/p>","protected":false},"excerpt":{"rendered":"<p>Il recente decreto correttivo alla riforma fiscale, approvato in via definitiva agli inizi di agosto, introduce tra le sue numerose [&hellip;]<\/p>\n","protected":false},"author":1,"featured_media":0,"comment_status":"open","ping_status":"open","sticky":false,"template":"","format":"standard","meta":{"_uag_custom_page_level_css":"","site-sidebar-layout":"default","site-content-layout":"","ast-site-content-layout":"default","site-content-style":"default","site-sidebar-style":"default","ast-global-header-display":"","ast-banner-title-visibility":"","ast-main-header-display":"","ast-hfb-above-header-display":"","ast-hfb-below-header-display":"","ast-hfb-mobile-header-display":"","site-post-title":"","ast-breadcrumbs-content":"","ast-featured-img":"","footer-sml-layout":"","ast-disable-related-posts":"","theme-transparent-header-meta":"","adv-header-id-meta":"","stick-header-meta":"","header-above-stick-meta":"","header-main-stick-meta":"","header-below-stick-meta":"","astra-migrate-meta-layouts":"default","ast-page-background-enabled":"default","ast-page-background-meta":{"desktop":{"background-color":"var(--ast-global-color-5)","background-image":"","background-repeat":"repeat","background-position":"center center","background-size":"auto","background-attachment":"scroll","background-type":"","background-media":"","overlay-type":"","overlay-color":"","overlay-opacity":"","overlay-gradient":""},"tablet":{"background-color":"","background-image":"","background-repeat":"repeat","background-position":"center center","background-size":"auto","background-attachment":"scroll","background-type":"","background-media":"","overlay-type":"","overlay-color":"","overlay-opacity":"","overlay-gradient":""},"mobile":{"background-color":"","background-image":"","background-repeat":"repeat","background-position":"center center","background-size":"auto","background-attachment":"scroll","background-type":"","background-media":"","overlay-type":"","overlay-color":"","overlay-opacity":"","overlay-gradient":""}},"ast-content-background-meta":{"desktop":{"background-color":"var(--ast-global-color-4)","background-image":"","background-repeat":"repeat","background-position":"center center","background-size":"auto","background-attachment":"scroll","background-type":"","background-media":"","overlay-type":"","overlay-color":"","overlay-opacity":"","overlay-gradient":""},"tablet":{"background-color":"var(--ast-global-color-4)","background-image":"","background-repeat":"repeat","background-position":"center center","background-size":"auto","background-attachment":"scroll","background-type":"","background-media":"","overlay-type":"","overlay-color":"","overlay-opacity":"","overlay-gradient":""},"mobile":{"background-color":"var(--ast-global-color-4)","background-image":"","background-repeat":"repeat","background-position":"center center","background-size":"auto","background-attachment":"scroll","background-type":"","background-media":"","overlay-type":"","overlay-color":"","overlay-opacity":"","overlay-gradient":""}},"footnotes":""},"categories":[12,7],"tags":[],"class_list":["post-794","post","type-post","status-publish","format-standard","hentry","category-fiscale","category-impresa"],"uagb_featured_image_src":{"full":false,"thumbnail":false,"medium":false,"medium_large":false,"large":false,"1536x1536":false,"2048x2048":false,"trp-custom-language-flag":false},"uagb_author_info":{"display_name":"Simone Messori","author_link":"https:\/\/simonemessori.it\/en\/author\/user23094004474510\/"},"uagb_comment_info":0,"uagb_excerpt":"Il recente decreto correttivo alla riforma fiscale, approvato in via definitiva agli inizi di agosto, introduce tra le sue numerose [&hellip;]","_links":{"self":[{"href":"https:\/\/simonemessori.it\/en\/wp-json\/wp\/v2\/posts\/794","targetHints":{"allow":["GET"]}}],"collection":[{"href":"https:\/\/simonemessori.it\/en\/wp-json\/wp\/v2\/posts"}],"about":[{"href":"https:\/\/simonemessori.it\/en\/wp-json\/wp\/v2\/types\/post"}],"author":[{"embeddable":true,"href":"https:\/\/simonemessori.it\/en\/wp-json\/wp\/v2\/users\/1"}],"replies":[{"embeddable":true,"href":"https:\/\/simonemessori.it\/en\/wp-json\/wp\/v2\/comments?post=794"}],"version-history":[{"count":5,"href":"https:\/\/simonemessori.it\/en\/wp-json\/wp\/v2\/posts\/794\/revisions"}],"predecessor-version":[{"id":807,"href":"https:\/\/simonemessori.it\/en\/wp-json\/wp\/v2\/posts\/794\/revisions\/807"}],"wp:attachment":[{"href":"https:\/\/simonemessori.it\/en\/wp-json\/wp\/v2\/media?parent=794"}],"wp:term":[{"taxonomy":"category","embeddable":true,"href":"https:\/\/simonemessori.it\/en\/wp-json\/wp\/v2\/categories?post=794"},{"taxonomy":"post_tag","embeddable":true,"href":"https:\/\/simonemessori.it\/en\/wp-json\/wp\/v2\/tags?post=794"}],"curies":[{"name":"wp","href":"https:\/\/api.w.org\/{rel}","templated":true}]}}